{"id":1116,"date":"2011-07-27T18:27:23","date_gmt":"2011-07-27T17:27:23","guid":{"rendered":"http:\/\/www.celiaclement.com\/site\/?p=1116"},"modified":"2016-08-29T18:28:07","modified_gmt":"2016-08-29T17:28:07","slug":"nuit-de-la-photographie-contemporaine","status":"publish","type":"post","link":"http:\/\/www.celiaclement.com\/site\/fr\/nuit-de-la-photographie-contemporaine\/","title":{"rendered":"Nuit de la Photographie Contemporaine"},"content":{"rendered":"<p>Pour sa quatri\u00e8me \u00e9dition, la Nuit de la Photographie Contemporaine est plac\u00e9e sous le signe de la pluralit\u00e9. Cette ann\u00e9e, des centaines d&rsquo;artistes, des photographes fran\u00e7ais ou \u00e9trangers reconnus exposeront leur travaux. Des galeries et librairies sp\u00e9cialis\u00e9es en photographie contemporaine pr\u00e9senteront \u00e9galement leurs artistes. <\/p>\n<p>Nuit de la Photographie Contemporaine<br \/>\nPlace Saint Sulpice<br \/>\n75006 Paris, France<\/p>\n","protected":false},"excerpt":{"rendered":"<p>Pour sa quatri\u00e8me \u00e9dition, la Nuit de la Photographie Contemporaine est plac\u00e9e sous le signe de la pluralit\u00e9. Cette ann\u00e9e, des centaines d&rsquo;artistes, des photographes fran\u00e7ais ou \u00e9trangers reconnus exposeront leur travaux. Des galeries et librairies sp\u00e9cialis\u00e9es en photographie contemporaine pr\u00e9senteront \u00e9galement &#8230;<\/p>\n","protected":false},"author":1,"featured_media":720,"comment_status":"closed","ping_status":"closed","sticky":false,"template":"","format":"gallery","meta":[],"categories":[75,73],"tags":[83,110],"yoast_head":"<!-- This site is optimized with the Yoast SEO plugin v18.3 - https:\/\/yoast.com\/wordpress\/plugins\/seo\/ -->\n<title>Nuit de la Photographie Contemporaine - C\u00e9lia Cl\u00e9ment<\/title>\n<meta name=\"robots\" content=\"index, follow, max-snippet:-1, max-image-preview:large, max-video-preview:-1\" \/>\n<link rel=\"canonical\" href=\"http:\/\/www.celiaclement.com\/site\/fr\/nuit-de-la-photographie-contemporaine\/\" \/>\n<meta property=\"og:locale\" content=\"fr_FR\" \/>\n<meta property=\"og:type\" content=\"article\" \/>\n<meta property=\"og:title\" content=\"Nuit de la Photographie Contemporaine - C\u00e9lia Cl\u00e9ment\" \/>\n<meta property=\"og:description\" content=\"Pour sa quatri\u00e8me \u00e9dition, la Nuit de la Photographie Contemporaine est plac\u00e9e sous le signe de la pluralit\u00e9. Cette ann\u00e9e, des centaines d&rsquo;artistes, des photographes fran\u00e7ais ou \u00e9trangers reconnus exposeront leur travaux. Des galeries et librairies sp\u00e9cialis\u00e9es en photographie contemporaine pr\u00e9senteront \u00e9galement ...\" \/>\n<meta property=\"og:url\" content=\"http:\/\/www.celiaclement.com\/site\/fr\/nuit-de-la-photographie-contemporaine\/\" \/>\n<meta property=\"og:site_name\" content=\"C\u00e9lia Cl\u00e9ment\" \/>\n<meta property=\"article:publisher\" content=\"https:\/\/www.facebook.com\/celia.clement.35\" \/>\n<meta property=\"article:published_time\" content=\"2011-07-27T17:27:23+00:00\" \/>\n<meta property=\"article:modified_time\" content=\"2016-08-29T17:28:07+00:00\" \/>\n<meta property=\"og:image\" content=\"http:\/\/www.celiaclement.com\/site\/wp-content\/uploads\/2011\/07\/Nuit_Photo_Clement.jpg\" \/>\n\t<meta property=\"og:image:width\" content=\"640\" \/>\n\t<meta property=\"og:image:height\" content=\"480\" \/>\n\t<meta property=\"og:image:type\" content=\"image\/jpeg\" \/>\n<meta name=\"twitter:card\" content=\"summary\" \/>\n<meta name=\"twitter:label1\" content=\"\u00c9crit par\" \/>\n\t<meta name=\"twitter:data1\" content=\"C\u00e9lia\" \/>\n<script type=\"application\/ld+json\" class=\"yoast-schema-graph\">{\"@context\":\"https:\/\/schema.org\",\"@graph\":[{\"@type\":\"WebSite\",\"@id\":\"http:\/\/www.celiaclement.com\/site\/#website\",\"url\":\"http:\/\/www.celiaclement.com\/site\/\",\"name\":\"C\u00e9lia Cl\u00e9ment\",\"description\":\"Photographer\",\"potentialAction\":[{\"@type\":\"SearchAction\",\"target\":{\"@type\":\"EntryPoint\",\"urlTemplate\":\"http:\/\/www.celiaclement.com\/site\/?s={search_term_string}\"},\"query-input\":\"required name=search_term_string\"}],\"inLanguage\":\"fr-FR\"},{\"@type\":\"ImageObject\",\"@id\":\"http:\/\/www.celiaclement.com\/site\/fr\/nuit-de-la-photographie-contemporaine\/#primaryimage\",\"inLanguage\":\"fr-FR\",\"url\":\"http:\/\/www.celiaclement.com\/site\/wp-content\/uploads\/2011\/07\/Nuit_Photo_Clement.jpg\",\"contentUrl\":\"http:\/\/www.celiaclement.com\/site\/wp-content\/uploads\/2011\/07\/Nuit_Photo_Clement.jpg\",\"width\":640,\"height\":480,\"caption\":\"C\u00e9lia Cl\u00e9ment Nuit Photo Contemporaine\"},{\"@type\":\"WebPage\",\"@id\":\"http:\/\/www.celiaclement.com\/site\/fr\/nuit-de-la-photographie-contemporaine\/#webpage\",\"url\":\"http:\/\/www.celiaclement.com\/site\/fr\/nuit-de-la-photographie-contemporaine\/\",\"name\":\"Nuit de la Photographie Contemporaine - C\u00e9lia Cl\u00e9ment\",\"isPartOf\":{\"@id\":\"http:\/\/www.celiaclement.com\/site\/#website\"},\"primaryImageOfPage\":{\"@id\":\"http:\/\/www.celiaclement.com\/site\/fr\/nuit-de-la-photographie-contemporaine\/#primaryimage\"},\"datePublished\":\"2011-07-27T17:27:23+00:00\",\"dateModified\":\"2016-08-29T17:28:07+00:00\",\"author\":{\"@id\":\"http:\/\/www.celiaclement.com\/site\/#\/schema\/person\/8652ad2b28c47665654c6ca109b2a58a\"},\"breadcrumb\":{\"@id\":\"http:\/\/www.celiaclement.com\/site\/fr\/nuit-de-la-photographie-contemporaine\/#breadcrumb\"},\"inLanguage\":\"fr-FR\",\"potentialAction\":[{\"@type\":\"ReadAction\",\"target\":[\"http:\/\/www.celiaclement.com\/site\/fr\/nuit-de-la-photographie-contemporaine\/\"]}]},{\"@type\":\"BreadcrumbList\",\"@id\":\"http:\/\/www.celiaclement.com\/site\/fr\/nuit-de-la-photographie-contemporaine\/#breadcrumb\",\"itemListElement\":[{\"@type\":\"ListItem\",\"position\":1,\"name\":\"Accueil\",\"item\":\"http:\/\/www.celiaclement.com\/site\/en\/celia-clement-professional-photographer\/\"},{\"@type\":\"ListItem\",\"position\":2,\"name\":\"Nuit de la Photographie Contemporaine\"}]},{\"@type\":\"Person\",\"@id\":\"http:\/\/www.celiaclement.com\/site\/#\/schema\/person\/8652ad2b28c47665654c6ca109b2a58a\",\"name\":\"C\u00e9lia\",\"image\":{\"@type\":\"ImageObject\",\"@id\":\"http:\/\/www.celiaclement.com\/site\/#personlogo\",\"inLanguage\":\"fr-FR\",\"url\":\"http:\/\/0.gravatar.com\/avatar\/c76449f83a272d537ef76b93e2b9821d?s=96&d=mm&r=g\",\"contentUrl\":\"http:\/\/0.gravatar.com\/avatar\/c76449f83a272d537ef76b93e2b9821d?s=96&d=mm&r=g\",\"caption\":\"C\u00e9lia\"}}]}<\/script>\n<!-- \/ Yoast SEO plugin. -->","yoast_head_json":{"title":"Nuit de la Photographie Contemporaine - C\u00e9lia Cl\u00e9ment","robots":{"index":"index","follow":"follow","max-snippet":"max-snippet:-1","max-image-preview":"max-image-preview:large","max-video-preview":"max-video-preview:-1"},"canonical":"http:\/\/www.celiaclement.com\/site\/fr\/nuit-de-la-photographie-contemporaine\/","og_locale":"fr_FR","og_type":"article","og_title":"Nuit de la Photographie Contemporaine - C\u00e9lia Cl\u00e9ment","og_description":"Pour sa quatri\u00e8me \u00e9dition, la Nuit de la Photographie Contemporaine est plac\u00e9e sous le signe de la pluralit\u00e9. Cette ann\u00e9e, des centaines d&rsquo;artistes, des photographes fran\u00e7ais ou \u00e9trangers reconnus exposeront leur travaux. Des galeries et librairies sp\u00e9cialis\u00e9es en photographie contemporaine pr\u00e9senteront \u00e9galement ...","og_url":"http:\/\/www.celiaclement.com\/site\/fr\/nuit-de-la-photographie-contemporaine\/","og_site_name":"C\u00e9lia Cl\u00e9ment","article_publisher":"https:\/\/www.facebook.com\/celia.clement.35","article_published_time":"2011-07-27T17:27:23+00:00","article_modified_time":"2016-08-29T17:28:07+00:00","og_image":[{"width":640,"height":480,"url":"http:\/\/www.celiaclement.com\/site\/wp-content\/uploads\/2011\/07\/Nuit_Photo_Clement.jpg","type":"image\/jpeg"}],"twitter_card":"summary","twitter_misc":{"\u00c9crit par":"C\u00e9lia"},"schema":{"@context":"https:\/\/schema.org","@graph":[{"@type":"WebSite","@id":"http:\/\/www.celiaclement.com\/site\/#website","url":"http:\/\/www.celiaclement.com\/site\/","name":"C\u00e9lia Cl\u00e9ment","description":"Photographer","potentialAction":[{"@type":"SearchAction","target":{"@type":"EntryPoint","urlTemplate":"http:\/\/www.celiaclement.com\/site\/?s={search_term_string}"},"query-input":"required name=search_term_string"}],"inLanguage":"fr-FR"},{"@type":"ImageObject","@id":"http:\/\/www.celiaclement.com\/site\/fr\/nuit-de-la-photographie-contemporaine\/#primaryimage","inLanguage":"fr-FR","url":"http:\/\/www.celiaclement.com\/site\/wp-content\/uploads\/2011\/07\/Nuit_Photo_Clement.jpg","contentUrl":"http:\/\/www.celiaclement.com\/site\/wp-content\/uploads\/2011\/07\/Nuit_Photo_Clement.jpg","width":640,"height":480,"caption":"C\u00e9lia Cl\u00e9ment Nuit Photo Contemporaine"},{"@type":"WebPage","@id":"http:\/\/www.celiaclement.com\/site\/fr\/nuit-de-la-photographie-contemporaine\/#webpage","url":"http:\/\/www.celiaclement.com\/site\/fr\/nuit-de-la-photographie-contemporaine\/","name":"Nuit de la Photographie Contemporaine - C\u00e9lia Cl\u00e9ment","isPartOf":{"@id":"http:\/\/www.celiaclement.com\/site\/#website"},"primaryImageOfPage":{"@id":"http:\/\/www.celiaclement.com\/site\/fr\/nuit-de-la-photographie-contemporaine\/#primaryimage"},"datePublished":"2011-07-27T17:27:23+00:00","dateModified":"2016-08-29T17:28:07+00:00","author":{"@id":"http:\/\/www.celiaclement.com\/site\/#\/schema\/person\/8652ad2b28c47665654c6ca109b2a58a"},"breadcrumb":{"@id":"http:\/\/www.celiaclement.com\/site\/fr\/nuit-de-la-photographie-contemporaine\/#breadcrumb"},"inLanguage":"fr-FR","potentialAction":[{"@type":"ReadAction","target":["http:\/\/www.celiaclement.com\/site\/fr\/nuit-de-la-photographie-contemporaine\/"]}]},{"@type":"BreadcrumbList","@id":"http:\/\/www.celiaclement.com\/site\/fr\/nuit-de-la-photographie-contemporaine\/#breadcrumb","itemListElement":[{"@type":"ListItem","position":1,"name":"Accueil","item":"http:\/\/www.celiaclement.com\/site\/en\/celia-clement-professional-photographer\/"},{"@type":"ListItem","position":2,"name":"Nuit de la Photographie Contemporaine"}]},{"@type":"Person","@id":"http:\/\/www.celiaclement.com\/site\/#\/schema\/person\/8652ad2b28c47665654c6ca109b2a58a","name":"C\u00e9lia","image":{"@type":"ImageObject","@id":"http:\/\/www.celiaclement.com\/site\/#personlogo","inLanguage":"fr-FR","url":"http:\/\/0.gravatar.com\/avatar\/c76449f83a272d537ef76b93e2b9821d?s=96&d=mm&r=g","contentUrl":"http:\/\/0.gravatar.com\/avatar\/c76449f83a272d537ef76b93e2b9821d?s=96&d=mm&r=g","caption":"C\u00e9lia"}}]}},"_links":{"self":[{"href":"http:\/\/www.celiaclement.com\/site\/wp-json\/wp\/v2\/posts\/1116"}],"collection":[{"href":"http:\/\/www.celiaclement.com\/site\/wp-json\/wp\/v2\/posts"}],"about":[{"href":"http:\/\/www.celiaclement.com\/site\/wp-json\/wp\/v2\/types\/post"}],"author":[{"embeddable":true,"href":"http:\/\/www.celiaclement.com\/site\/wp-json\/wp\/v2\/users\/1"}],"replies":[{"embeddable":true,"href":"http:\/\/www.celiaclement.com\/site\/wp-json\/wp\/v2\/comments?post=1116"}],"version-history":[{"count":1,"href":"http:\/\/www.celiaclement.com\/site\/wp-json\/wp\/v2\/posts\/1116\/revisions"}],"predecessor-version":[{"id":1117,"href":"http:\/\/www.celiaclement.com\/site\/wp-json\/wp\/v2\/posts\/1116\/revisions\/1117"}],"wp:featuredmedia":[{"embeddable":true,"href":"http:\/\/www.celiaclement.com\/site\/wp-json\/wp\/v2\/media\/720"}],"wp:attachment":[{"href":"http:\/\/www.celiaclement.com\/site\/wp-json\/wp\/v2\/media?parent=1116"}],"wp:term":[{"taxonomy":"category","embeddable":true,"href":"http:\/\/www.celiaclement.com\/site\/wp-json\/wp\/v2\/categories?post=1116"},{"taxonomy":"post_tag","embeddable":true,"href":"http:\/\/www.celiaclement.com\/site\/wp-json\/wp\/v2\/tags?post=1116"}],"curies":[{"name":"wp","href":"https:\/\/api.w.org\/{rel}","templated":true}]}}